{"id":10881,"date":"2018-04-27T21:09:13","date_gmt":"2018-04-27T19:09:13","guid":{"rendered":"https:\/\/www.vpace.de\/?p=10881"},"modified":"2018-04-27T21:09:13","modified_gmt":"2018-04-27T19:09:13","slug":"schwarzer-freitag-bei-vpace-bikes","status":"publish","type":"post","link":"https:\/\/www.vpace.de\/blog\/schwarzer-freitag-bei-vpace-bikes\/","title":{"rendered":"Schwarzer Freitag bei VPACE Bikes"},"content":{"rendered":"<p>Kurz vor dem ersten Saisonhighlight, dem Riva BIKE Festival am Gardasee, ereignete sich heute in den fr\u00fchen Morgenstunden leider ein schrecklicher Zwischenfall: unser Hauptquartier in Ravensburg, samt Showroom, Produktions- und Lagerfl\u00e4che ist aus noch nicht gekl\u00e4rter Ursache <strong>komplett ausgebrannt.<\/strong><\/p>\n<p><!--more--><\/p>\n\n\t\t<style type=\"text\/css\">\n\t\t\t#gallery-1 {\n\t\t\t\tmargin: auto;\n\t\t\t}\n\t\t\t#gallery-1 .gallery-item {\n\t\t\t\tfloat: left;\n\t\t\t\tmargin-top: 10px;\n\t\t\t\ttext-align: center;\n\t\t\t\twidth: 33%;\n\t\t\t}\n\t\t\t#gallery-1 img {\n\t\t\t\tborder: 2px solid #cfcfcf;\n\t\t\t}\n\t\t\t#gallery-1 .gallery-caption {\n\t\t\t\tmargin-left: 0;\n\t\t\t}\n\t\t\t\/* see gallery_shortcode() in wp-includes\/media.php *\/\n\t\t<\/style>\n\t\t<div id='gallery-1' class='gallery galleryid-10881 gallery-columns-3 gallery-size-thumbnail'><dl class='gallery-item'>\n\t\t\t<dt class='gallery-icon portrait'>\n\t\t\t\t<span class=\"fresco\" data-fresco-group=\"\" href='https:\/\/www.vpace.de\/blog\/wp-content\/uploads\/2018\/04\/IMG_20180427_141656.jpg'><img width=\"330\" height=\"330\" src=\"https:\/\/www.vpace.de\/blog\/wp-content\/uploads\/2018\/04\/IMG_20180427_141656-330x330.jpg\" class=\"attachment-thumbnail size-thumbnail\" alt=\"\" loading=\"lazy\" srcset=\"https:\/\/www.vpace.de\/blog\/wp-content\/uploads\/2018\/04\/IMG_20180427_141656-330x330.jpg 330w, https:\/\/www.vpace.de\/blog\/wp-content\/uploads\/2018\/04\/IMG_20180427_141656-100x100.jpg 100w\" sizes=\"(max-width: 330px) 100vw, 330px\" \/><\/a>\n\t\t\t<\/dt><\/dl><dl class='gallery-item'>\n\t\t\t<dt class='gallery-icon portrait'>\n\t\t\t\t<span class=\"fresco\" data-fresco-group=\"\" href='https:\/\/www.vpace.de\/blog\/wp-content\/uploads\/2018\/04\/IMG_20180427_183953.jpg'><img width=\"330\" height=\"330\" src=\"https:\/\/www.vpace.de\/blog\/wp-content\/uploads\/2018\/04\/IMG_20180427_183953-330x330.jpg\" class=\"attachment-thumbnail size-thumbnail\" alt=\"\" loading=\"lazy\" srcset=\"https:\/\/www.vpace.de\/blog\/wp-content\/uploads\/2018\/04\/IMG_20180427_183953-330x330.jpg 330w, https:\/\/www.vpace.de\/blog\/wp-content\/uploads\/2018\/04\/IMG_20180427_183953-100x100.jpg 100w\" sizes=\"(max-width: 330px) 100vw, 330px\" \/><\/a>\n\t\t\t<\/dt><\/dl><dl class='gallery-item'>\n\t\t\t<dt class='gallery-icon portrait'>\n\t\t\t\t<span class=\"fresco\" data-fresco-group=\"\" href='https:\/\/www.vpace.de\/blog\/wp-content\/uploads\/2018\/04\/IMG_20180427_184017.jpg'><img width=\"330\" height=\"330\" src=\"https:\/\/www.vpace.de\/blog\/wp-content\/uploads\/2018\/04\/IMG_20180427_184017-330x330.jpg\" class=\"attachment-thumbnail size-thumbnail\" alt=\"\" loading=\"lazy\" srcset=\"https:\/\/www.vpace.de\/blog\/wp-content\/uploads\/2018\/04\/IMG_20180427_184017-330x330.jpg 330w, https:\/\/www.vpace.de\/blog\/wp-content\/uploads\/2018\/04\/IMG_20180427_184017-100x100.jpg 100w\" sizes=\"(max-width: 330px) 100vw, 330px\" \/><\/a>\n\t\t\t<\/dt><\/dl><br style=\"clear: both\" \/>\n\t\t<\/div>\n\n<p>Aktuell m\u00fcssen wir unseren Betrieb und die Produktion leider auf unbestimmte Zeit einstellen und k\u00f6nnen keine weiteren Bestellungen annehmen. <strong>Wir werden uns in den kommenden Tagen mit allen Kunden, die noch offenen Bestellungen bei uns haben, in Verbindung setzen und Details kl\u00e4ren.<\/strong> Es kann unter Umst\u00e4nden ein paar Tage dauern, sobald hier die ersten Wogen gegl\u00e4ttet sind, melden wir uns aber ganz sicher.<\/p>\n<p>Auf dem <a href=\"https:\/\/www.vpace.de\/vpace-auf-dem-bike-festival-2018\/\">Riva BIKE Festival 2018<\/a> sind wir aber trotzdem in abgespeckter Form vor Ort und unser freundlicher Mitarbeiter Florian wird euch unsere neuen Modelle vorstellen und eure Fragen beantworten.<\/p>\n<p>Wir m\u00f6chten uns an dieser Stelle schon f\u00fcr die angebotene Hilfe und eure Anteilnahme bedanken. Im Hintergrund arbeiten wir bereits an Pl\u00e4nen und L\u00f6sungen um die Produktion so schnell wie m\u00f6glich wieder aufzunehmen &#8211; <strong>Ride unique!<\/strong><\/p>\n<p><em>S\u00f6ren und sein Team<\/em><\/p>\n<p>&nbsp;<\/p>\n","protected":false},"excerpt":{"rendered":"<p>Kurz vor dem ersten Saisonhighlight, dem Riva BIKE Festival am Gardasee, ereignete sich heute in den fr\u00fchen Morgenstunden leider ein schrecklicher Zwischenfall: unser Hauptquartier in Ravensburg, samt Showroom, Produktions- und Lagerfl\u00e4che ist aus noch nicht gekl\u00e4rter Ursache komplett ausgebrannt.<\/p>\n","protected":false},"author":1,"featured_media":10884,"comment_status":"open","ping_status":"closed","sticky":false,"template":"","format":"standard","meta":[],"categories":[5],"tags":[117],"yoast_head":"<!-- This site is optimized with the Yoast SEO plugin v19.3 - https:\/\/yoast.com\/wordpress\/plugins\/seo\/ -->\n<title>Schwarzer Freitag bei VPACE Bikes - VPACE Bikes<\/title>\n<meta name=\"robots\" content=\"index, follow, max-snippet:-1, max-image-preview:large, max-video-preview:-1\" \/>\n<link rel=\"canonical\" href=\"https:\/\/www.vpace.de\/blog\/schwarzer-freitag-bei-vpace-bikes\/\" \/>\n<meta name=\"twitter:label1\" content=\"Verfasst von\" \/>\n\t<meta name=\"twitter:data1\" content=\"VPACE Bikes\" \/>\n\t<meta name=\"twitter:label2\" content=\"Gesch\u00e4tzte Lesezeit\" \/>\n\t<meta name=\"twitter:data2\" content=\"1\u00a0Minute\" \/>\n<script type=\"application\/ld+json\" class=\"yoast-schema-graph\">{\"@context\":\"https:\/\/schema.org\",\"@graph\":[{\"@type\":\"Organization\",\"@id\":\"https:\/\/www.vpace.de\/blog\/#organization\",\"name\":\"VPACE Bikes\",\"url\":\"https:\/\/www.vpace.de\/blog\/\",\"sameAs\":[\"https:\/\/instagram.com\/vpacebikes\/\",\"https:\/\/www.linkedin.com\/company\/9260374\",\"https:\/\/www.pinterest.com\/vpacebikes\/\",\"http:\/\/www.facebook.com\/vpacebikes\",\"https:\/\/twitter.com\/vpacebikes\"],\"logo\":{\"@type\":\"ImageObject\",\"inLanguage\":\"de\",\"@id\":\"https:\/\/www.vpace.de\/blog\/#\/schema\/logo\/image\/\",\"url\":\"https:\/\/www.vpace.de\/blog\/wp-content\/uploads\/2013\/11\/VPACE-Logo-redV.png\",\"contentUrl\":\"https:\/\/www.vpace.de\/blog\/wp-content\/uploads\/2013\/11\/VPACE-Logo-redV.png\",\"width\":1959,\"height\":336,\"caption\":\"VPACE Bikes\"},\"image\":{\"@id\":\"https:\/\/www.vpace.de\/blog\/#\/schema\/logo\/image\/\"}},{\"@type\":\"WebSite\",\"@id\":\"https:\/\/www.vpace.de\/blog\/#website\",\"url\":\"https:\/\/www.vpace.de\/blog\/\",\"name\":\"VPACE Bikes\",\"description\":\"Ride Unique!\",\"publisher\":{\"@id\":\"https:\/\/www.vpace.de\/blog\/#organization\"},\"potentialAction\":[{\"@type\":\"SearchAction\",\"target\":{\"@type\":\"EntryPoint\",\"urlTemplate\":\"https:\/\/www.vpace.de\/blog\/?s={search_term_string}\"},\"query-input\":\"required name=search_term_string\"}],\"inLanguage\":\"de\"},{\"@type\":\"ImageObject\",\"inLanguage\":\"de\",\"@id\":\"https:\/\/www.vpace.de\/blog\/schwarzer-freitag-bei-vpace-bikes\/#primaryimage\",\"url\":\"https:\/\/www.vpace.de\/blog\/wp-content\/uploads\/2018\/04\/IMG_20180427_141640.jpg\",\"contentUrl\":\"https:\/\/www.vpace.de\/blog\/wp-content\/uploads\/2018\/04\/IMG_20180427_141640.jpg\",\"width\":2320,\"height\":1740,\"caption\":\"Schwarzer Freitag\"},{\"@type\":\"WebPage\",\"@id\":\"https:\/\/www.vpace.de\/blog\/schwarzer-freitag-bei-vpace-bikes\/\",\"url\":\"https:\/\/www.vpace.de\/blog\/schwarzer-freitag-bei-vpace-bikes\/\",\"name\":\"Schwarzer Freitag bei VPACE Bikes - VPACE Bikes\",\"isPartOf\":{\"@id\":\"https:\/\/www.vpace.de\/blog\/#website\"},\"primaryImageOfPage\":{\"@id\":\"https:\/\/www.vpace.de\/blog\/schwarzer-freitag-bei-vpace-bikes\/#primaryimage\"},\"datePublished\":\"2018-04-27T19:09:13+00:00\",\"dateModified\":\"2018-04-27T19:09:13+00:00\",\"breadcrumb\":{\"@id\":\"https:\/\/www.vpace.de\/blog\/schwarzer-freitag-bei-vpace-bikes\/#breadcrumb\"},\"inLanguage\":\"de\",\"potentialAction\":[{\"@type\":\"ReadAction\",\"target\":[\"https:\/\/www.vpace.de\/blog\/schwarzer-freitag-bei-vpace-bikes\/\"]}]},{\"@type\":\"BreadcrumbList\",\"@id\":\"https:\/\/www.vpace.de\/blog\/schwarzer-freitag-bei-vpace-bikes\/#breadcrumb\",\"itemListElement\":[{\"@type\":\"ListItem\",\"position\":1,\"name\":\"Home\",\"item\":\"https:\/\/www.vpace.de\/blog\/\"},{\"@type\":\"ListItem\",\"position\":2,\"name\":\"Schwarzer Freitag bei VPACE Bikes\"}]},{\"@type\":\"Article\",\"@id\":\"https:\/\/www.vpace.de\/blog\/schwarzer-freitag-bei-vpace-bikes\/#article\",\"isPartOf\":{\"@id\":\"https:\/\/www.vpace.de\/blog\/schwarzer-freitag-bei-vpace-bikes\/\"},\"author\":{\"name\":\"VPACE Bikes\",\"@id\":\"https:\/\/www.vpace.de\/blog\/#\/schema\/person\/ec2afbc78c7d034cb2931701aa49d836\"},\"headline\":\"Schwarzer Freitag bei VPACE Bikes\",\"datePublished\":\"2018-04-27T19:09:13+00:00\",\"dateModified\":\"2018-04-27T19:09:13+00:00\",\"mainEntityOfPage\":{\"@id\":\"https:\/\/www.vpace.de\/blog\/schwarzer-freitag-bei-vpace-bikes\/\"},\"wordCount\":195,\"commentCount\":13,\"publisher\":{\"@id\":\"https:\/\/www.vpace.de\/blog\/#organization\"},\"image\":{\"@id\":\"https:\/\/www.vpace.de\/blog\/schwarzer-freitag-bei-vpace-bikes\/#primaryimage\"},\"thumbnailUrl\":\"https:\/\/www.vpace.de\/blog\/wp-content\/uploads\/2018\/04\/IMG_20180427_141640.jpg\",\"keywords\":[\"Showroom\"],\"articleSection\":[\"News\"],\"inLanguage\":\"de\",\"potentialAction\":[{\"@type\":\"CommentAction\",\"name\":\"Comment\",\"target\":[\"https:\/\/www.vpace.de\/blog\/schwarzer-freitag-bei-vpace-bikes\/#respond\"]}]},{\"@type\":\"Person\",\"@id\":\"https:\/\/www.vpace.de\/blog\/#\/schema\/person\/ec2afbc78c7d034cb2931701aa49d836\",\"name\":\"VPACE Bikes\",\"image\":{\"@type\":\"ImageObject\",\"inLanguage\":\"de\",\"@id\":\"https:\/\/www.vpace.de\/blog\/#\/schema\/person\/image\/\",\"url\":\"https:\/\/secure.gravatar.com\/avatar\/4f150971d5b2a5d924f8c06cc4a3a283?s=96&d=mm&r=pg\",\"contentUrl\":\"https:\/\/secure.gravatar.com\/avatar\/4f150971d5b2a5d924f8c06cc4a3a283?s=96&d=mm&r=pg\",\"caption\":\"VPACE Bikes\"},\"sameAs\":[\"https:\/\/www.vpace.de\",\"https:\/\/twitter.com\/gilbert\"]}]}<\/script>\n<!-- \/ Yoast SEO plugin. -->","yoast_head_json":{"title":"Schwarzer Freitag bei VPACE Bikes - VPACE Bikes","robots":{"index":"index","follow":"follow","max-snippet":"max-snippet:-1","max-image-preview":"max-image-preview:large","max-video-preview":"max-video-preview:-1"},"canonical":"https:\/\/www.vpace.de\/blog\/schwarzer-freitag-bei-vpace-bikes\/","twitter_misc":{"Verfasst von":"VPACE Bikes","Gesch\u00e4tzte Lesezeit":"1\u00a0Minute"},"schema":{"@context":"https:\/\/schema.org","@graph":[{"@type":"Organization","@id":"https:\/\/www.vpace.de\/blog\/#organization","name":"VPACE Bikes","url":"https:\/\/www.vpace.de\/blog\/","sameAs":["https:\/\/instagram.com\/vpacebikes\/","https:\/\/www.linkedin.com\/company\/9260374","https:\/\/www.pinterest.com\/vpacebikes\/","http:\/\/www.facebook.com\/vpacebikes","https:\/\/twitter.com\/vpacebikes"],"logo":{"@type":"ImageObject","inLanguage":"de","@id":"https:\/\/www.vpace.de\/blog\/#\/schema\/logo\/image\/","url":"https:\/\/www.vpace.de\/blog\/wp-content\/uploads\/2013\/11\/VPACE-Logo-redV.png","contentUrl":"https:\/\/www.vpace.de\/blog\/wp-content\/uploads\/2013\/11\/VPACE-Logo-redV.png","width":1959,"height":336,"caption":"VPACE Bikes"},"image":{"@id":"https:\/\/www.vpace.de\/blog\/#\/schema\/logo\/image\/"}},{"@type":"WebSite","@id":"https:\/\/www.vpace.de\/blog\/#website","url":"https:\/\/www.vpace.de\/blog\/","name":"VPACE Bikes","description":"Ride Unique!","publisher":{"@id":"https:\/\/www.vpace.de\/blog\/#organization"},"potentialAction":[{"@type":"SearchAction","target":{"@type":"EntryPoint","urlTemplate":"https:\/\/www.vpace.de\/blog\/?s={search_term_string}"},"query-input":"required name=search_term_string"}],"inLanguage":"de"},{"@type":"ImageObject","inLanguage":"de","@id":"https:\/\/www.vpace.de\/blog\/schwarzer-freitag-bei-vpace-bikes\/#primaryimage","url":"https:\/\/www.vpace.de\/blog\/wp-content\/uploads\/2018\/04\/IMG_20180427_141640.jpg","contentUrl":"https:\/\/www.vpace.de\/blog\/wp-content\/uploads\/2018\/04\/IMG_20180427_141640.jpg","width":2320,"height":1740,"caption":"Schwarzer Freitag"},{"@type":"WebPage","@id":"https:\/\/www.vpace.de\/blog\/schwarzer-freitag-bei-vpace-bikes\/","url":"https:\/\/www.vpace.de\/blog\/schwarzer-freitag-bei-vpace-bikes\/","name":"Schwarzer Freitag bei VPACE Bikes - VPACE Bikes","isPartOf":{"@id":"https:\/\/www.vpace.de\/blog\/#website"},"primaryImageOfPage":{"@id":"https:\/\/www.vpace.de\/blog\/schwarzer-freitag-bei-vpace-bikes\/#primaryimage"},"datePublished":"2018-04-27T19:09:13+00:00","dateModified":"2018-04-27T19:09:13+00:00","breadcrumb":{"@id":"https:\/\/www.vpace.de\/blog\/schwarzer-freitag-bei-vpace-bikes\/#breadcrumb"},"inLanguage":"de","potentialAction":[{"@type":"ReadAction","target":["https:\/\/www.vpace.de\/blog\/schwarzer-freitag-bei-vpace-bikes\/"]}]},{"@type":"BreadcrumbList","@id":"https:\/\/www.vpace.de\/blog\/schwarzer-freitag-bei-vpace-bikes\/#breadcrumb","itemListElement":[{"@type":"ListItem","position":1,"name":"Home","item":"https:\/\/www.vpace.de\/blog\/"},{"@type":"ListItem","position":2,"name":"Schwarzer Freitag bei VPACE Bikes"}]},{"@type":"Article","@id":"https:\/\/www.vpace.de\/blog\/schwarzer-freitag-bei-vpace-bikes\/#article","isPartOf":{"@id":"https:\/\/www.vpace.de\/blog\/schwarzer-freitag-bei-vpace-bikes\/"},"author":{"name":"VPACE Bikes","@id":"https:\/\/www.vpace.de\/blog\/#\/schema\/person\/ec2afbc78c7d034cb2931701aa49d836"},"headline":"Schwarzer Freitag bei VPACE Bikes","datePublished":"2018-04-27T19:09:13+00:00","dateModified":"2018-04-27T19:09:13+00:00","mainEntityOfPage":{"@id":"https:\/\/www.vpace.de\/blog\/schwarzer-freitag-bei-vpace-bikes\/"},"wordCount":195,"commentCount":13,"publisher":{"@id":"https:\/\/www.vpace.de\/blog\/#organization"},"image":{"@id":"https:\/\/www.vpace.de\/blog\/schwarzer-freitag-bei-vpace-bikes\/#primaryimage"},"thumbnailUrl":"https:\/\/www.vpace.de\/blog\/wp-content\/uploads\/2018\/04\/IMG_20180427_141640.jpg","keywords":["Showroom"],"articleSection":["News"],"inLanguage":"de","potentialAction":[{"@type":"CommentAction","name":"Comment","target":["https:\/\/www.vpace.de\/blog\/schwarzer-freitag-bei-vpace-bikes\/#respond"]}]},{"@type":"Person","@id":"https:\/\/www.vpace.de\/blog\/#\/schema\/person\/ec2afbc78c7d034cb2931701aa49d836","name":"VPACE Bikes","image":{"@type":"ImageObject","inLanguage":"de","@id":"https:\/\/www.vpace.de\/blog\/#\/schema\/person\/image\/","url":"https:\/\/secure.gravatar.com\/avatar\/4f150971d5b2a5d924f8c06cc4a3a283?s=96&d=mm&r=pg","contentUrl":"https:\/\/secure.gravatar.com\/avatar\/4f150971d5b2a5d924f8c06cc4a3a283?s=96&d=mm&r=pg","caption":"VPACE Bikes"},"sameAs":["https:\/\/www.vpace.de","https:\/\/twitter.com\/gilbert"]}]}},"_links":{"self":[{"href":"https:\/\/www.vpace.de\/blog\/wp-json\/wp\/v2\/posts\/10881"}],"collection":[{"href":"https:\/\/www.vpace.de\/blog\/wp-json\/wp\/v2\/posts"}],"about":[{"href":"https:\/\/www.vpace.de\/blog\/wp-json\/wp\/v2\/types\/post"}],"author":[{"embeddable":true,"href":"https:\/\/www.vpace.de\/blog\/wp-json\/wp\/v2\/users\/1"}],"replies":[{"embeddable":true,"href":"https:\/\/www.vpace.de\/blog\/wp-json\/wp\/v2\/comments?post=10881"}],"version-history":[{"count":3,"href":"https:\/\/www.vpace.de\/blog\/wp-json\/wp\/v2\/posts\/10881\/revisions"}],"predecessor-version":[{"id":10890,"href":"https:\/\/www.vpace.de\/blog\/wp-json\/wp\/v2\/posts\/10881\/revisions\/10890"}],"wp:featuredmedia":[{"embeddable":true,"href":"https:\/\/www.vpace.de\/blog\/wp-json\/wp\/v2\/media\/10884"}],"wp:attachment":[{"href":"https:\/\/www.vpace.de\/blog\/wp-json\/wp\/v2\/media?parent=10881"}],"wp:term":[{"taxonomy":"category","embeddable":true,"href":"https:\/\/www.vpace.de\/blog\/wp-json\/wp\/v2\/categories?post=10881"},{"taxonomy":"post_tag","embeddable":true,"href":"https:\/\/www.vpace.de\/blog\/wp-json\/wp\/v2\/tags?post=10881"}],"curies":[{"name":"wp","href":"https:\/\/api.w.org\/{rel}","templated":true}]}}