{"id":2355,"date":"2013-10-21T21:34:50","date_gmt":"2013-10-21T19:34:50","guid":{"rendered":"https:\/\/www.vpace.de\/?p=2355"},"modified":"2022-11-23T14:12:45","modified_gmt":"2022-11-23T13:12:45","slug":"29er-steckachse","status":"publish","type":"post","link":"https:\/\/www.vpace.de\/blog\/29er-steckachse\/","title":{"rendered":"C2M &#8211; 29er Prototyp mit Steckachse"},"content":{"rendered":"<p>Zum Ende des Jahres pr\u00e4sentieren wir euch einen Ausblick auf die n\u00e4chste Saison: unser C2M Prototyp eines 29er Rahmen mit Steckachse und voll integrierter Zugverlegung.<\/p>\n<p><!--more--><\/p>\n<p><a href=\"https:\/\/www.vpace.de\/blog\/wp-content\/uploads\/2013\/10\/P1100957-2.jpg\"><img loading=\"lazy\" class=\"alignnone wp-image-2356 size-medium\" style=\"border: 5px solid white;\" src=\"https:\/\/www.vpace.de\/blog\/wp-content\/uploads\/2013\/10\/P1100957-2-820x513.jpg\" alt=\"C2M 29er mit Steckachse\" width=\"820\" height=\"513\" srcset=\"https:\/\/www.vpace.de\/blog\/wp-content\/uploads\/2013\/10\/P1100957-2-820x513.jpg 820w, https:\/\/www.vpace.de\/blog\/wp-content\/uploads\/2013\/10\/P1100957-2-900x563.jpg 900w, https:\/\/www.vpace.de\/blog\/wp-content\/uploads\/2013\/10\/P1100957-2.jpg 1600w, https:\/\/www.vpace.de\/blog\/wp-content\/uploads\/2013\/10\/P1100957-2-600x375.jpg 600w\" sizes=\"(max-width: 820px) 100vw, 820px\" \/><\/a><\/p>\n<p>Das Rahmengewicht steigt etwas im Vergleich zu unserem <a title=\"C1M \u2013 29er Carbon Rahmen\" href=\"https:\/\/www.vpace.de\/blog\/29er-carbon-rahmen\/\">C1M<\/a> Rahmen, die Liste an Features allerdings auch.<\/p>\n<p>Ein paar Eckdaten des Aufbaus:<\/p>\n<ul>\n<li>RockShox SID RCT 3 Federgabel mit Plattform, tapered, 100 mm<\/li>\n<li>B.O.R. XC666 29er Kurbel<\/li>\n<li>komplette Shimano XT Gruppe mit Shadow Plus Schaltwerk<\/li>\n<li>B.O.R. 333 Felgen mit Veltec Naben. 142 x 12 mm hinten, 15 mm Steckachse vorne<\/li>\n<li>tune Speedneedle Sattel<\/li>\n<li>NewUltimate Sattelst\u00fctze (31,6 mm) und Klemme<\/li>\n<li>Onza Canis skinwall Reifen (hot! but heavy)<\/li>\n<\/ul>\n<p><a href=\"https:\/\/www.vpace.de\/blog\/wp-content\/uploads\/2013\/10\/P1100959-2.jpg\"><img loading=\"lazy\" class=\"alignnone wp-image-2357 size-medium\" style=\"border: 5px solid white;\" src=\"https:\/\/www.vpace.de\/blog\/wp-content\/uploads\/2013\/10\/P1100959-2-820x513.jpg\" alt=\"C2M 29er mit Steckachse\" width=\"820\" height=\"513\" srcset=\"https:\/\/www.vpace.de\/blog\/wp-content\/uploads\/2013\/10\/P1100959-2-820x513.jpg 820w, https:\/\/www.vpace.de\/blog\/wp-content\/uploads\/2013\/10\/P1100959-2-900x563.jpg 900w, https:\/\/www.vpace.de\/blog\/wp-content\/uploads\/2013\/10\/P1100959-2.jpg 1600w, https:\/\/www.vpace.de\/blog\/wp-content\/uploads\/2013\/10\/P1100959-2-600x375.jpg 600w\" sizes=\"(max-width: 820px) 100vw, 820px\" \/><\/a><\/p>\n<p>Alle B.O.R, NewUltimate und tune Bauteile sind \u00fcbrigens bei uns auch einzeln erh\u00e4ltlich. In Kombination mit unseren Rahmensets, k\u00f6nnen wir zudem besonders interessante Pakete schn\u00fcren.<\/p>\n","protected":false},"excerpt":{"rendered":"<p>Zum Ende des Jahres pr\u00e4sentieren wir euch einen Ausblick auf die n\u00e4chste Saison: unser C2M Prototyp eines 29er Rahmen mit Steckachse und voll integrierter Zugverlegung.<\/p>\n","protected":false},"author":1,"featured_media":2356,"comment_status":"open","ping_status":"closed","sticky":false,"template":"","format":"standard","meta":[],"categories":[29,5],"tags":[119,74,69,64,70],"yoast_head":"<!-- This site is optimized with the Yoast SEO plugin v19.3 - https:\/\/yoast.com\/wordpress\/plugins\/seo\/ -->\n<title>C2M - 29er Prototyp mit Steckachse - VPACE Bikes<\/title>\n<meta name=\"description\" content=\"Der C2M 29er Prototyp mit Steckachse im auff\u00e4lligen Herbstkleid.\" \/>\n<meta name=\"robots\" content=\"index, follow, max-snippet:-1, max-image-preview:large, max-video-preview:-1\" \/>\n<link rel=\"canonical\" href=\"https:\/\/www.vpace.de\/blog\/29er-steckachse\/\" \/>\n<meta name=\"twitter:label1\" content=\"Verfasst von\" \/>\n\t<meta name=\"twitter:data1\" content=\"VPACE Bikes\" \/>\n\t<meta name=\"twitter:label2\" content=\"Gesch\u00e4tzte Lesezeit\" \/>\n\t<meta name=\"twitter:data2\" content=\"1\u00a0Minute\" \/>\n<script type=\"application\/ld+json\" class=\"yoast-schema-graph\">{\"@context\":\"https:\/\/schema.org\",\"@graph\":[{\"@type\":\"Organization\",\"@id\":\"https:\/\/www.vpace.de\/blog\/#organization\",\"name\":\"VPACE Bikes\",\"url\":\"https:\/\/www.vpace.de\/blog\/\",\"sameAs\":[\"https:\/\/instagram.com\/vpacebikes\/\",\"https:\/\/www.linkedin.com\/company\/9260374\",\"https:\/\/www.pinterest.com\/vpacebikes\/\",\"http:\/\/www.facebook.com\/vpacebikes\",\"https:\/\/twitter.com\/vpacebikes\"],\"logo\":{\"@type\":\"ImageObject\",\"inLanguage\":\"de\",\"@id\":\"https:\/\/www.vpace.de\/blog\/#\/schema\/logo\/image\/\",\"url\":\"https:\/\/www.vpace.de\/blog\/wp-content\/uploads\/2013\/11\/VPACE-Logo-redV.png\",\"contentUrl\":\"https:\/\/www.vpace.de\/blog\/wp-content\/uploads\/2013\/11\/VPACE-Logo-redV.png\",\"width\":1959,\"height\":336,\"caption\":\"VPACE Bikes\"},\"image\":{\"@id\":\"https:\/\/www.vpace.de\/blog\/#\/schema\/logo\/image\/\"}},{\"@type\":\"WebSite\",\"@id\":\"https:\/\/www.vpace.de\/blog\/#website\",\"url\":\"https:\/\/www.vpace.de\/blog\/\",\"name\":\"VPACE Bikes\",\"description\":\"Ride Unique!\",\"publisher\":{\"@id\":\"https:\/\/www.vpace.de\/blog\/#organization\"},\"potentialAction\":[{\"@type\":\"SearchAction\",\"target\":{\"@type\":\"EntryPoint\",\"urlTemplate\":\"https:\/\/www.vpace.de\/blog\/?s={search_term_string}\"},\"query-input\":\"required name=search_term_string\"}],\"inLanguage\":\"de\"},{\"@type\":\"ImageObject\",\"inLanguage\":\"de\",\"@id\":\"https:\/\/www.vpace.de\/blog\/29er-steckachse\/#primaryimage\",\"url\":\"https:\/\/www.vpace.de\/blog\/wp-content\/uploads\/2013\/10\/P1100957-2.jpg\",\"contentUrl\":\"https:\/\/www.vpace.de\/blog\/wp-content\/uploads\/2013\/10\/P1100957-2.jpg\",\"width\":1600,\"height\":1000},{\"@type\":\"WebPage\",\"@id\":\"https:\/\/www.vpace.de\/blog\/29er-steckachse\/\",\"url\":\"https:\/\/www.vpace.de\/blog\/29er-steckachse\/\",\"name\":\"C2M - 29er Prototyp mit Steckachse - VPACE Bikes\",\"isPartOf\":{\"@id\":\"https:\/\/www.vpace.de\/blog\/#website\"},\"primaryImageOfPage\":{\"@id\":\"https:\/\/www.vpace.de\/blog\/29er-steckachse\/#primaryimage\"},\"datePublished\":\"2013-10-21T19:34:50+00:00\",\"dateModified\":\"2022-11-23T13:12:45+00:00\",\"description\":\"Der C2M 29er Prototyp mit Steckachse im auff\u00e4lligen Herbstkleid.\",\"breadcrumb\":{\"@id\":\"https:\/\/www.vpace.de\/blog\/29er-steckachse\/#breadcrumb\"},\"inLanguage\":\"de\",\"potentialAction\":[{\"@type\":\"ReadAction\",\"target\":[\"https:\/\/www.vpace.de\/blog\/29er-steckachse\/\"]}]},{\"@type\":\"BreadcrumbList\",\"@id\":\"https:\/\/www.vpace.de\/blog\/29er-steckachse\/#breadcrumb\",\"itemListElement\":[{\"@type\":\"ListItem\",\"position\":1,\"name\":\"Home\",\"item\":\"https:\/\/www.vpace.de\/blog\/\"},{\"@type\":\"ListItem\",\"position\":2,\"name\":\"C2M &#8211; 29er Prototyp mit Steckachse\"}]},{\"@type\":\"Article\",\"@id\":\"https:\/\/www.vpace.de\/blog\/29er-steckachse\/#article\",\"isPartOf\":{\"@id\":\"https:\/\/www.vpace.de\/blog\/29er-steckachse\/\"},\"author\":{\"name\":\"VPACE Bikes\",\"@id\":\"https:\/\/www.vpace.de\/blog\/#\/schema\/person\/ec2afbc78c7d034cb2931701aa49d836\"},\"headline\":\"C2M &#8211; 29er Prototyp mit Steckachse\",\"datePublished\":\"2013-10-21T19:34:50+00:00\",\"dateModified\":\"2022-11-23T13:12:45+00:00\",\"mainEntityOfPage\":{\"@id\":\"https:\/\/www.vpace.de\/blog\/29er-steckachse\/\"},\"wordCount\":138,\"commentCount\":5,\"publisher\":{\"@id\":\"https:\/\/www.vpace.de\/blog\/#organization\"},\"image\":{\"@id\":\"https:\/\/www.vpace.de\/blog\/29er-steckachse\/#primaryimage\"},\"thumbnailUrl\":\"https:\/\/www.vpace.de\/blog\/wp-content\/uploads\/2013\/10\/P1100957-2.jpg\",\"keywords\":[\"29er\",\"BOR\",\"C2M\",\"Carbonrahmen\",\"XT\"],\"articleSection\":[\"Custom Bikes\",\"News\"],\"inLanguage\":\"de\",\"potentialAction\":[{\"@type\":\"CommentAction\",\"name\":\"Comment\",\"target\":[\"https:\/\/www.vpace.de\/blog\/29er-steckachse\/#respond\"]}]},{\"@type\":\"Person\",\"@id\":\"https:\/\/www.vpace.de\/blog\/#\/schema\/person\/ec2afbc78c7d034cb2931701aa49d836\",\"name\":\"VPACE Bikes\",\"image\":{\"@type\":\"ImageObject\",\"inLanguage\":\"de\",\"@id\":\"https:\/\/www.vpace.de\/blog\/#\/schema\/person\/image\/\",\"url\":\"https:\/\/secure.gravatar.com\/avatar\/4f150971d5b2a5d924f8c06cc4a3a283?s=96&d=mm&r=pg\",\"contentUrl\":\"https:\/\/secure.gravatar.com\/avatar\/4f150971d5b2a5d924f8c06cc4a3a283?s=96&d=mm&r=pg\",\"caption\":\"VPACE Bikes\"},\"sameAs\":[\"https:\/\/www.vpace.de\",\"https:\/\/twitter.com\/gilbert\"]}]}<\/script>\n<!-- \/ Yoast SEO plugin. -->","yoast_head_json":{"title":"C2M - 29er Prototyp mit Steckachse - VPACE Bikes","description":"Der C2M 29er Prototyp mit Steckachse im auff\u00e4lligen Herbstkleid.","robots":{"index":"index","follow":"follow","max-snippet":"max-snippet:-1","max-image-preview":"max-image-preview:large","max-video-preview":"max-video-preview:-1"},"canonical":"https:\/\/www.vpace.de\/blog\/29er-steckachse\/","twitter_misc":{"Verfasst von":"VPACE Bikes","Gesch\u00e4tzte Lesezeit":"1\u00a0Minute"},"schema":{"@context":"https:\/\/schema.org","@graph":[{"@type":"Organization","@id":"https:\/\/www.vpace.de\/blog\/#organization","name":"VPACE Bikes","url":"https:\/\/www.vpace.de\/blog\/","sameAs":["https:\/\/instagram.com\/vpacebikes\/","https:\/\/www.linkedin.com\/company\/9260374","https:\/\/www.pinterest.com\/vpacebikes\/","http:\/\/www.facebook.com\/vpacebikes","https:\/\/twitter.com\/vpacebikes"],"logo":{"@type":"ImageObject","inLanguage":"de","@id":"https:\/\/www.vpace.de\/blog\/#\/schema\/logo\/image\/","url":"https:\/\/www.vpace.de\/blog\/wp-content\/uploads\/2013\/11\/VPACE-Logo-redV.png","contentUrl":"https:\/\/www.vpace.de\/blog\/wp-content\/uploads\/2013\/11\/VPACE-Logo-redV.png","width":1959,"height":336,"caption":"VPACE Bikes"},"image":{"@id":"https:\/\/www.vpace.de\/blog\/#\/schema\/logo\/image\/"}},{"@type":"WebSite","@id":"https:\/\/www.vpace.de\/blog\/#website","url":"https:\/\/www.vpace.de\/blog\/","name":"VPACE Bikes","description":"Ride Unique!","publisher":{"@id":"https:\/\/www.vpace.de\/blog\/#organization"},"potentialAction":[{"@type":"SearchAction","target":{"@type":"EntryPoint","urlTemplate":"https:\/\/www.vpace.de\/blog\/?s={search_term_string}"},"query-input":"required name=search_term_string"}],"inLanguage":"de"},{"@type":"ImageObject","inLanguage":"de","@id":"https:\/\/www.vpace.de\/blog\/29er-steckachse\/#primaryimage","url":"https:\/\/www.vpace.de\/blog\/wp-content\/uploads\/2013\/10\/P1100957-2.jpg","contentUrl":"https:\/\/www.vpace.de\/blog\/wp-content\/uploads\/2013\/10\/P1100957-2.jpg","width":1600,"height":1000},{"@type":"WebPage","@id":"https:\/\/www.vpace.de\/blog\/29er-steckachse\/","url":"https:\/\/www.vpace.de\/blog\/29er-steckachse\/","name":"C2M - 29er Prototyp mit Steckachse - VPACE Bikes","isPartOf":{"@id":"https:\/\/www.vpace.de\/blog\/#website"},"primaryImageOfPage":{"@id":"https:\/\/www.vpace.de\/blog\/29er-steckachse\/#primaryimage"},"datePublished":"2013-10-21T19:34:50+00:00","dateModified":"2022-11-23T13:12:45+00:00","description":"Der C2M 29er Prototyp mit Steckachse im auff\u00e4lligen Herbstkleid.","breadcrumb":{"@id":"https:\/\/www.vpace.de\/blog\/29er-steckachse\/#breadcrumb"},"inLanguage":"de","potentialAction":[{"@type":"ReadAction","target":["https:\/\/www.vpace.de\/blog\/29er-steckachse\/"]}]},{"@type":"BreadcrumbList","@id":"https:\/\/www.vpace.de\/blog\/29er-steckachse\/#breadcrumb","itemListElement":[{"@type":"ListItem","position":1,"name":"Home","item":"https:\/\/www.vpace.de\/blog\/"},{"@type":"ListItem","position":2,"name":"C2M &#8211; 29er Prototyp mit Steckachse"}]},{"@type":"Article","@id":"https:\/\/www.vpace.de\/blog\/29er-steckachse\/#article","isPartOf":{"@id":"https:\/\/www.vpace.de\/blog\/29er-steckachse\/"},"author":{"name":"VPACE Bikes","@id":"https:\/\/www.vpace.de\/blog\/#\/schema\/person\/ec2afbc78c7d034cb2931701aa49d836"},"headline":"C2M &#8211; 29er Prototyp mit Steckachse","datePublished":"2013-10-21T19:34:50+00:00","dateModified":"2022-11-23T13:12:45+00:00","mainEntityOfPage":{"@id":"https:\/\/www.vpace.de\/blog\/29er-steckachse\/"},"wordCount":138,"commentCount":5,"publisher":{"@id":"https:\/\/www.vpace.de\/blog\/#organization"},"image":{"@id":"https:\/\/www.vpace.de\/blog\/29er-steckachse\/#primaryimage"},"thumbnailUrl":"https:\/\/www.vpace.de\/blog\/wp-content\/uploads\/2013\/10\/P1100957-2.jpg","keywords":["29er","BOR","C2M","Carbonrahmen","XT"],"articleSection":["Custom Bikes","News"],"inLanguage":"de","potentialAction":[{"@type":"CommentAction","name":"Comment","target":["https:\/\/www.vpace.de\/blog\/29er-steckachse\/#respond"]}]},{"@type":"Person","@id":"https:\/\/www.vpace.de\/blog\/#\/schema\/person\/ec2afbc78c7d034cb2931701aa49d836","name":"VPACE Bikes","image":{"@type":"ImageObject","inLanguage":"de","@id":"https:\/\/www.vpace.de\/blog\/#\/schema\/person\/image\/","url":"https:\/\/secure.gravatar.com\/avatar\/4f150971d5b2a5d924f8c06cc4a3a283?s=96&d=mm&r=pg","contentUrl":"https:\/\/secure.gravatar.com\/avatar\/4f150971d5b2a5d924f8c06cc4a3a283?s=96&d=mm&r=pg","caption":"VPACE Bikes"},"sameAs":["https:\/\/www.vpace.de","https:\/\/twitter.com\/gilbert"]}]}},"_links":{"self":[{"href":"https:\/\/www.vpace.de\/blog\/wp-json\/wp\/v2\/posts\/2355"}],"collection":[{"href":"https:\/\/www.vpace.de\/blog\/wp-json\/wp\/v2\/posts"}],"about":[{"href":"https:\/\/www.vpace.de\/blog\/wp-json\/wp\/v2\/types\/post"}],"author":[{"embeddable":true,"href":"https:\/\/www.vpace.de\/blog\/wp-json\/wp\/v2\/users\/1"}],"replies":[{"embeddable":true,"href":"https:\/\/www.vpace.de\/blog\/wp-json\/wp\/v2\/comments?post=2355"}],"version-history":[{"count":9,"href":"https:\/\/www.vpace.de\/blog\/wp-json\/wp\/v2\/posts\/2355\/revisions"}],"predecessor-version":[{"id":8494,"href":"https:\/\/www.vpace.de\/blog\/wp-json\/wp\/v2\/posts\/2355\/revisions\/8494"}],"wp:featuredmedia":[{"embeddable":true,"href":"https:\/\/www.vpace.de\/blog\/wp-json\/wp\/v2\/media\/2356"}],"wp:attachment":[{"href":"https:\/\/www.vpace.de\/blog\/wp-json\/wp\/v2\/media?parent=2355"}],"wp:term":[{"taxonomy":"category","embeddable":true,"href":"https:\/\/www.vpace.de\/blog\/wp-json\/wp\/v2\/categories?post=2355"},{"taxonomy":"post_tag","embeddable":true,"href":"https:\/\/www.vpace.de\/blog\/wp-json\/wp\/v2\/tags?post=2355"}],"curies":[{"name":"wp","href":"https:\/\/api.w.org\/{rel}","templated":true}]}}