{"id":8697,"date":"2016-12-20T20:57:27","date_gmt":"2016-12-20T19:57:27","guid":{"rendered":"https:\/\/www.vpace.de\/?p=8697"},"modified":"2016-12-20T21:04:32","modified_gmt":"2016-12-20T20:04:32","slug":"c1rd-autera-disc-rennrad-kunstprojekt","status":"publish","type":"post","link":"https:\/\/www.vpace.de\/blog\/c1rd-autera-disc-rennrad-kunstprojekt\/","title":{"rendered":"C1RD Autera &#8211; Disc-Rennrad Kunstprojekt"},"content":{"rendered":"<p>Wer VPACE schon etwas l\u00e4nger kennt, dem d\u00fcrfte unser <a href=\"https:\/\/www.vpace.de\/road-madness-disc-rennrad\/\">Road Madness<\/a> Disc-Rennrad, unser letztes Kunstprojekt, noch in Erinnerung sein. Auf der Berliner Fahrradschau sorgten wir 2014 mit einem individuellen Aufbau und einer noch individuelleren Lackierung f\u00fcr gro\u00dfes Aufsehen.<\/p>\n<p>Als wir vergangenes Jahr den jungen Schweizer K\u00fcnstler <a href=\"http:\/\/www.tizianoautera.com\/\">Tiziano Autera<\/a> als begeisterten und radverr\u00fcckten Kunden eines <a href=\"https:\/\/www.vpace.de\/t1rd-titan-disc-rennrad-rahmen\/\">T1RD Titan Disc-Rennrad<\/a> kennen lernen durften, wurde schnell die Idee geboren, gemeinsam ein weiteres Kunst-Bike-Projekt auf die Beine zu stellen.<\/p>\n<p><!--more--><\/p>\n<p><a href=\"https:\/\/www.vpace.de\/blog\/wp-content\/uploads\/2016\/12\/vpace_c1rd_autera_kunstprojekt-1.jpg\"><img loading=\"lazy\" class=\"alignnone wp-image-8699 size-medium\" src=\"https:\/\/www.vpace.de\/blog\/wp-content\/uploads\/2016\/12\/vpace_c1rd_autera_kunstprojekt-1-820x513.jpg\" alt=\"vpace_c1rd_autera_kunstprojekt-Disc-Rennrad Kunstprojekt\" width=\"820\" height=\"513\" srcset=\"https:\/\/www.vpace.de\/blog\/wp-content\/uploads\/2016\/12\/vpace_c1rd_autera_kunstprojekt-1-820x513.jpg 820w, https:\/\/www.vpace.de\/blog\/wp-content\/uploads\/2016\/12\/vpace_c1rd_autera_kunstprojekt-1-900x563.jpg 900w, https:\/\/www.vpace.de\/blog\/wp-content\/uploads\/2016\/12\/vpace_c1rd_autera_kunstprojekt-1-1600x1000.jpg 1600w, https:\/\/www.vpace.de\/blog\/wp-content\/uploads\/2016\/12\/vpace_c1rd_autera_kunstprojekt-1-600x375.jpg 600w, https:\/\/www.vpace.de\/blog\/wp-content\/uploads\/2016\/12\/vpace_c1rd_autera_kunstprojekt-1.jpg 1800w\" sizes=\"(max-width: 820px) 100vw, 820px\" \/><\/a><\/p>\n<p>Wir stellten Tiziano einen <a href=\"https:\/\/www.vpace.de\/produkt\/c1rd-scheibenbremsen-rennrad-carbonrahmen\/\">C1RD Disc-Rennrad Rahmen<\/a> in Gr\u00f6\u00dfe 60 zur Verf\u00fcgung und lie\u00dfen ihm freie Hand bei der Gestaltung &#8211; \u00fcber eins waren wir uns zu Beginn aber alle im Klaren: <strong>es musste bunt werden!<\/strong><\/p>\n<p><a href=\"https:\/\/www.vpace.de\/blog\/wp-content\/uploads\/2016\/12\/vpace_c1rd_autera_kunstprojekt-2.jpg\"><img loading=\"lazy\" class=\"alignnone wp-image-8700 size-medium\" src=\"https:\/\/www.vpace.de\/blog\/wp-content\/uploads\/2016\/12\/vpace_c1rd_autera_kunstprojekt-2-820x513.jpg\" alt=\"vpace_c1rd_autera Disc-Rennrad Kunstprojekt\" width=\"820\" height=\"513\" srcset=\"https:\/\/www.vpace.de\/blog\/wp-content\/uploads\/2016\/12\/vpace_c1rd_autera_kunstprojekt-2-820x513.jpg 820w, https:\/\/www.vpace.de\/blog\/wp-content\/uploads\/2016\/12\/vpace_c1rd_autera_kunstprojekt-2-900x563.jpg 900w, https:\/\/www.vpace.de\/blog\/wp-content\/uploads\/2016\/12\/vpace_c1rd_autera_kunstprojekt-2-1600x1000.jpg 1600w, https:\/\/www.vpace.de\/blog\/wp-content\/uploads\/2016\/12\/vpace_c1rd_autera_kunstprojekt-2-600x375.jpg 600w, https:\/\/www.vpace.de\/blog\/wp-content\/uploads\/2016\/12\/vpace_c1rd_autera_kunstprojekt-2.jpg 1800w\" sizes=\"(max-width: 820px) 100vw, 820px\" \/><\/a><\/p>\n<p>Herausgekommen ist dabei ein Disc-Rennrad Kunstprojekt, mit einem hohem Wiedererkennungswert, dem wir&nbsp; Tiziano Auteras unverkennbarem Stil verdanken. Organisch und lebendig spannen sich die einzelnen Farbfelder \u00fcber unseren filigranen C1RD Carbonrahmen und laden zum Beobachten der geschwungenen Linienf\u00fchrung ein.<\/p>\n<p><a href=\"https:\/\/www.vpace.de\/blog\/wp-content\/uploads\/2016\/12\/vpace_c1rd_autera_kunstprojekt-4.jpg\"><img loading=\"lazy\" class=\"alignnone wp-image-8701 size-medium\" src=\"https:\/\/www.vpace.de\/blog\/wp-content\/uploads\/2016\/12\/vpace_c1rd_autera_kunstprojekt-4-820x513.jpg\" alt=\"C1RD Autera Disc-Rennrad Kunstprojekt\" width=\"820\" height=\"513\" srcset=\"https:\/\/www.vpace.de\/blog\/wp-content\/uploads\/2016\/12\/vpace_c1rd_autera_kunstprojekt-4-820x513.jpg 820w, https:\/\/www.vpace.de\/blog\/wp-content\/uploads\/2016\/12\/vpace_c1rd_autera_kunstprojekt-4-900x563.jpg 900w, https:\/\/www.vpace.de\/blog\/wp-content\/uploads\/2016\/12\/vpace_c1rd_autera_kunstprojekt-4-1600x1000.jpg 1600w, https:\/\/www.vpace.de\/blog\/wp-content\/uploads\/2016\/12\/vpace_c1rd_autera_kunstprojekt-4-600x375.jpg 600w, https:\/\/www.vpace.de\/blog\/wp-content\/uploads\/2016\/12\/vpace_c1rd_autera_kunstprojekt-4.jpg 1800w\" sizes=\"(max-width: 820px) 100vw, 820px\" \/><\/a><\/p>\n<p>Die einen mag das Design liebevoll an das eines <a href=\"https:\/\/www.welt.de\/motor\/article150301236\/Dieser-Polo-trieb-es-zu-bunt.html\">VW Polo Harlekin<\/a> aus den 90igern erinnern, die anderen an ein Mosaik der alten Bodenleger-K\u00fcnstler. Wir sind auf jeden Fall sehr stolz, diese individuelle Basis f\u00fcr ein individuelles Rad von Tiziano erhalten zu haben &#8211; <strong>Danke!<\/strong><\/p>\n\n\t\t<style type=\"text\/css\">\n\t\t\t#gallery-1 {\n\t\t\t\tmargin: auto;\n\t\t\t}\n\t\t\t#gallery-1 .gallery-item {\n\t\t\t\tfloat: left;\n\t\t\t\tmargin-top: 10px;\n\t\t\t\ttext-align: center;\n\t\t\t\twidth: 20%;\n\t\t\t}\n\t\t\t#gallery-1 img {\n\t\t\t\tborder: 2px solid #cfcfcf;\n\t\t\t}\n\t\t\t#gallery-1 .gallery-caption {\n\t\t\t\tmargin-left: 0;\n\t\t\t}\n\t\t\t\/* see gallery_shortcode() in wp-includes\/media.php *\/\n\t\t<\/style>\n\t\t<div id='gallery-1' class='gallery galleryid-8697 gallery-columns-5 gallery-size-thumbnail'><dl class='gallery-item'>\n\t\t\t<dt class='gallery-icon landscape'>\n\t\t\t\t<span class=\"fresco\" data-fresco-group=\"\" href='https:\/\/www.vpace.de\/blog\/wp-content\/uploads\/2016\/12\/vpace_c1rd_autera_kunstprojekt-25.jpg'><img width=\"330\" height=\"330\" src=\"https:\/\/www.vpace.de\/blog\/wp-content\/uploads\/2016\/12\/vpace_c1rd_autera_kunstprojekt-25-330x330.jpg\" class=\"attachment-thumbnail size-thumbnail\" alt=\"\" loading=\"lazy\" srcset=\"https:\/\/www.vpace.de\/blog\/wp-content\/uploads\/2016\/12\/vpace_c1rd_autera_kunstprojekt-25-330x330.jpg 330w, https:\/\/www.vpace.de\/blog\/wp-content\/uploads\/2016\/12\/vpace_c1rd_autera_kunstprojekt-25-100x100.jpg 100w\" sizes=\"(max-width: 330px) 100vw, 330px\" \/><\/a>\n\t\t\t<\/dt><\/dl><dl class='gallery-item'>\n\t\t\t<dt class='gallery-icon landscape'>\n\t\t\t\t<span class=\"fresco\" data-fresco-group=\"\" href='https:\/\/www.vpace.de\/blog\/wp-content\/uploads\/2016\/12\/vpace_c1rd_autera_kunstprojekt-7.jpg'><img width=\"330\" height=\"330\" src=\"https:\/\/www.vpace.de\/blog\/wp-content\/uploads\/2016\/12\/vpace_c1rd_autera_kunstprojekt-7-330x330.jpg\" class=\"attachment-thumbnail size-thumbnail\" alt=\"\" loading=\"lazy\" srcset=\"https:\/\/www.vpace.de\/blog\/wp-content\/uploads\/2016\/12\/vpace_c1rd_autera_kunstprojekt-7-330x330.jpg 330w, https:\/\/www.vpace.de\/blog\/wp-content\/uploads\/2016\/12\/vpace_c1rd_autera_kunstprojekt-7-100x100.jpg 100w\" sizes=\"(max-width: 330px) 100vw, 330px\" \/><\/a>\n\t\t\t<\/dt><\/dl><dl class='gallery-item'>\n\t\t\t<dt class='gallery-icon landscape'>\n\t\t\t\t<span class=\"fresco\" data-fresco-group=\"\" href='https:\/\/www.vpace.de\/blog\/wp-content\/uploads\/2016\/12\/vpace_c1rd_autera_kunstprojekt-13.jpg'><img width=\"330\" height=\"330\" src=\"https:\/\/www.vpace.de\/blog\/wp-content\/uploads\/2016\/12\/vpace_c1rd_autera_kunstprojekt-13-330x330.jpg\" class=\"attachment-thumbnail size-thumbnail\" alt=\"\" loading=\"lazy\" srcset=\"https:\/\/www.vpace.de\/blog\/wp-content\/uploads\/2016\/12\/vpace_c1rd_autera_kunstprojekt-13-330x330.jpg 330w, https:\/\/www.vpace.de\/blog\/wp-content\/uploads\/2016\/12\/vpace_c1rd_autera_kunstprojekt-13-100x100.jpg 100w\" sizes=\"(max-width: 330px) 100vw, 330px\" \/><\/a>\n\t\t\t<\/dt><\/dl><dl class='gallery-item'>\n\t\t\t<dt class='gallery-icon landscape'>\n\t\t\t\t<span class=\"fresco\" data-fresco-group=\"\" href='https:\/\/www.vpace.de\/blog\/wp-content\/uploads\/2016\/12\/vpace_c1rd_autera_kunstprojekt-11.jpg'><img width=\"330\" height=\"330\" src=\"https:\/\/www.vpace.de\/blog\/wp-content\/uploads\/2016\/12\/vpace_c1rd_autera_kunstprojekt-11-330x330.jpg\" class=\"attachment-thumbnail size-thumbnail\" alt=\"\" loading=\"lazy\" srcset=\"https:\/\/www.vpace.de\/blog\/wp-content\/uploads\/2016\/12\/vpace_c1rd_autera_kunstprojekt-11-330x330.jpg 330w, https:\/\/www.vpace.de\/blog\/wp-content\/uploads\/2016\/12\/vpace_c1rd_autera_kunstprojekt-11-100x100.jpg 100w\" sizes=\"(max-width: 330px) 100vw, 330px\" \/><\/a>\n\t\t\t<\/dt><\/dl><dl class='gallery-item'>\n\t\t\t<dt class='gallery-icon landscape'>\n\t\t\t\t<span class=\"fresco\" data-fresco-group=\"\" href='https:\/\/www.vpace.de\/blog\/wp-content\/uploads\/2016\/12\/vpace_c1rd_autera_kunstprojekt-30.jpg'><img width=\"330\" height=\"330\" src=\"https:\/\/www.vpace.de\/blog\/wp-content\/uploads\/2016\/12\/vpace_c1rd_autera_kunstprojekt-30-330x330.jpg\" class=\"attachment-thumbnail size-thumbnail\" alt=\"\" loading=\"lazy\" srcset=\"https:\/\/www.vpace.de\/blog\/wp-content\/uploads\/2016\/12\/vpace_c1rd_autera_kunstprojekt-30-330x330.jpg 330w, https:\/\/www.vpace.de\/blog\/wp-content\/uploads\/2016\/12\/vpace_c1rd_autera_kunstprojekt-30-100x100.jpg 100w\" sizes=\"(max-width: 330px) 100vw, 330px\" \/><\/a>\n\t\t\t<\/dt><\/dl><br style=\"clear: both\" \/>\n\t\t<\/div>\n\n<p>Das C1RD Autera Disc-Rennrad Kunstprojekt im \u00dcberblick:<\/p>\n<ul>\n<li><a href=\"https:\/\/www.vpace.de\/produkt\/c1rd-scheibenbremsen-rennrad-carbonrahmen\/\">C1RD<\/a> Disc Rennrad Carbonrahmen in Gr\u00f6\u00dfe 60<\/li>\n<li>Shimano Dura-Ace Di2 Gruppe mit hydraulischen Scheibenbremsen<\/li>\n<li>Rotor 3D+ Kurbel mit 50\/34 Rotor Qrings<\/li>\n<li>VPACE Disco50 Clincher-Carbon-Laufr\u00e4der mit 24\/28 Sapim CX-Ray Speichen<\/li>\n<li>Vittoria Corsa Open 25 mm Clincher Reifen<\/li>\n<li>Ashima ARO08 140 mm Bremsscheiben<\/li>\n<li>Ritchey Superlogic Lenker und WCS C260 Vorbau<\/li>\n<li>Tune KommVor Sattel<\/li>\n<\/ul>\n\n\t\t<style type=\"text\/css\">\n\t\t\t#gallery-2 {\n\t\t\t\tmargin: auto;\n\t\t\t}\n\t\t\t#gallery-2 .gallery-item {\n\t\t\t\tfloat: left;\n\t\t\t\tmargin-top: 10px;\n\t\t\t\ttext-align: center;\n\t\t\t\twidth: 20%;\n\t\t\t}\n\t\t\t#gallery-2 img {\n\t\t\t\tborder: 2px solid #cfcfcf;\n\t\t\t}\n\t\t\t#gallery-2 .gallery-caption {\n\t\t\t\tmargin-left: 0;\n\t\t\t}\n\t\t\t\/* see gallery_shortcode() in wp-includes\/media.php *\/\n\t\t<\/style>\n\t\t<div id='gallery-2' class='gallery galleryid-8697 gallery-columns-5 gallery-size-thumbnail'><dl class='gallery-item'>\n\t\t\t<dt class='gallery-icon landscape'>\n\t\t\t\t<span class=\"fresco\" data-fresco-group=\"\" href='https:\/\/www.vpace.de\/blog\/wp-content\/uploads\/2016\/12\/vpace_c1rd_autera_kunstprojekt-17.jpg'><img width=\"330\" height=\"330\" src=\"https:\/\/www.vpace.de\/blog\/wp-content\/uploads\/2016\/12\/vpace_c1rd_autera_kunstprojekt-17-330x330.jpg\" class=\"attachment-thumbnail size-thumbnail\" alt=\"\" loading=\"lazy\" srcset=\"https:\/\/www.vpace.de\/blog\/wp-content\/uploads\/2016\/12\/vpace_c1rd_autera_kunstprojekt-17-330x330.jpg 330w, https:\/\/www.vpace.de\/blog\/wp-content\/uploads\/2016\/12\/vpace_c1rd_autera_kunstprojekt-17-100x100.jpg 100w\" sizes=\"(max-width: 330px) 100vw, 330px\" \/><\/a>\n\t\t\t<\/dt><\/dl><dl class='gallery-item'>\n\t\t\t<dt class='gallery-icon landscape'>\n\t\t\t\t<span class=\"fresco\" data-fresco-group=\"\" href='https:\/\/www.vpace.de\/blog\/wp-content\/uploads\/2016\/12\/vpace_c1rd_autera_kunstprojekt-10.jpg'><img width=\"330\" height=\"330\" src=\"https:\/\/www.vpace.de\/blog\/wp-content\/uploads\/2016\/12\/vpace_c1rd_autera_kunstprojekt-10-330x330.jpg\" class=\"attachment-thumbnail size-thumbnail\" alt=\"\" loading=\"lazy\" srcset=\"https:\/\/www.vpace.de\/blog\/wp-content\/uploads\/2016\/12\/vpace_c1rd_autera_kunstprojekt-10-330x330.jpg 330w, https:\/\/www.vpace.de\/blog\/wp-content\/uploads\/2016\/12\/vpace_c1rd_autera_kunstprojekt-10-100x100.jpg 100w\" sizes=\"(max-width: 330px) 100vw, 330px\" \/><\/a>\n\t\t\t<\/dt><\/dl><dl class='gallery-item'>\n\t\t\t<dt class='gallery-icon landscape'>\n\t\t\t\t<span class=\"fresco\" data-fresco-group=\"\" href='https:\/\/www.vpace.de\/blog\/wp-content\/uploads\/2016\/12\/vpace_c1rd_autera_kunstprojekt-26.jpg'><img width=\"330\" height=\"330\" src=\"https:\/\/www.vpace.de\/blog\/wp-content\/uploads\/2016\/12\/vpace_c1rd_autera_kunstprojekt-26-330x330.jpg\" class=\"attachment-thumbnail size-thumbnail\" alt=\"\" loading=\"lazy\" srcset=\"https:\/\/www.vpace.de\/blog\/wp-content\/uploads\/2016\/12\/vpace_c1rd_autera_kunstprojekt-26-330x330.jpg 330w, https:\/\/www.vpace.de\/blog\/wp-content\/uploads\/2016\/12\/vpace_c1rd_autera_kunstprojekt-26-100x100.jpg 100w\" sizes=\"(max-width: 330px) 100vw, 330px\" \/><\/a>\n\t\t\t<\/dt><\/dl><dl class='gallery-item'>\n\t\t\t<dt class='gallery-icon landscape'>\n\t\t\t\t<span class=\"fresco\" data-fresco-group=\"\" href='https:\/\/www.vpace.de\/blog\/wp-content\/uploads\/2016\/12\/vpace_c1rd_autera_kunstprojekt-8.jpg'><img width=\"330\" height=\"330\" src=\"https:\/\/www.vpace.de\/blog\/wp-content\/uploads\/2016\/12\/vpace_c1rd_autera_kunstprojekt-8-330x330.jpg\" class=\"attachment-thumbnail size-thumbnail\" alt=\"\" loading=\"lazy\" srcset=\"https:\/\/www.vpace.de\/blog\/wp-content\/uploads\/2016\/12\/vpace_c1rd_autera_kunstprojekt-8-330x330.jpg 330w, https:\/\/www.vpace.de\/blog\/wp-content\/uploads\/2016\/12\/vpace_c1rd_autera_kunstprojekt-8-100x100.jpg 100w\" sizes=\"(max-width: 330px) 100vw, 330px\" \/><\/a>\n\t\t\t<\/dt><\/dl><dl class='gallery-item'>\n\t\t\t<dt class='gallery-icon landscape'>\n\t\t\t\t<span class=\"fresco\" data-fresco-group=\"\" href='https:\/\/www.vpace.de\/blog\/wp-content\/uploads\/2016\/12\/vpace_c1rd_autera_kunstprojekt-21.jpg'><img width=\"330\" height=\"330\" src=\"https:\/\/www.vpace.de\/blog\/wp-content\/uploads\/2016\/12\/vpace_c1rd_autera_kunstprojekt-21-330x330.jpg\" class=\"attachment-thumbnail size-thumbnail\" alt=\"\" loading=\"lazy\" srcset=\"https:\/\/www.vpace.de\/blog\/wp-content\/uploads\/2016\/12\/vpace_c1rd_autera_kunstprojekt-21-330x330.jpg 330w, https:\/\/www.vpace.de\/blog\/wp-content\/uploads\/2016\/12\/vpace_c1rd_autera_kunstprojekt-21-100x100.jpg 100w\" sizes=\"(max-width: 330px) 100vw, 330px\" \/><\/a>\n\t\t\t<\/dt><\/dl><br style=\"clear: both\" \/><dl class='gallery-item'>\n\t\t\t<dt class='gallery-icon landscape'>\n\t\t\t\t<span class=\"fresco\" data-fresco-group=\"\" href='https:\/\/www.vpace.de\/blog\/wp-content\/uploads\/2016\/12\/vpace_c1rd_autera_kunstprojekt-22.jpg'><img width=\"330\" height=\"330\" src=\"https:\/\/www.vpace.de\/blog\/wp-content\/uploads\/2016\/12\/vpace_c1rd_autera_kunstprojekt-22-330x330.jpg\" class=\"attachment-thumbnail size-thumbnail\" alt=\"\" loading=\"lazy\" srcset=\"https:\/\/www.vpace.de\/blog\/wp-content\/uploads\/2016\/12\/vpace_c1rd_autera_kunstprojekt-22-330x330.jpg 330w, https:\/\/www.vpace.de\/blog\/wp-content\/uploads\/2016\/12\/vpace_c1rd_autera_kunstprojekt-22-100x100.jpg 100w\" sizes=\"(max-width: 330px) 100vw, 330px\" \/><\/a>\n\t\t\t<\/dt><\/dl><dl class='gallery-item'>\n\t\t\t<dt class='gallery-icon landscape'>\n\t\t\t\t<span class=\"fresco\" data-fresco-group=\"\" href='https:\/\/www.vpace.de\/blog\/wp-content\/uploads\/2016\/12\/vpace_c1rd_autera_kunstprojekt-14.jpg'><img width=\"330\" height=\"330\" src=\"https:\/\/www.vpace.de\/blog\/wp-content\/uploads\/2016\/12\/vpace_c1rd_autera_kunstprojekt-14-330x330.jpg\" class=\"attachment-thumbnail size-thumbnail\" alt=\"\" loading=\"lazy\" srcset=\"https:\/\/www.vpace.de\/blog\/wp-content\/uploads\/2016\/12\/vpace_c1rd_autera_kunstprojekt-14-330x330.jpg 330w, https:\/\/www.vpace.de\/blog\/wp-content\/uploads\/2016\/12\/vpace_c1rd_autera_kunstprojekt-14-100x100.jpg 100w\" sizes=\"(max-width: 330px) 100vw, 330px\" \/><\/a>\n\t\t\t<\/dt><\/dl><dl class='gallery-item'>\n\t\t\t<dt class='gallery-icon landscape'>\n\t\t\t\t<span class=\"fresco\" data-fresco-group=\"\" href='https:\/\/www.vpace.de\/blog\/wp-content\/uploads\/2016\/12\/vpace_c1rd_autera_kunstprojekt-15.jpg'><img width=\"330\" height=\"330\" src=\"https:\/\/www.vpace.de\/blog\/wp-content\/uploads\/2016\/12\/vpace_c1rd_autera_kunstprojekt-15-330x330.jpg\" class=\"attachment-thumbnail size-thumbnail\" alt=\"\" loading=\"lazy\" srcset=\"https:\/\/www.vpace.de\/blog\/wp-content\/uploads\/2016\/12\/vpace_c1rd_autera_kunstprojekt-15-330x330.jpg 330w, https:\/\/www.vpace.de\/blog\/wp-content\/uploads\/2016\/12\/vpace_c1rd_autera_kunstprojekt-15-100x100.jpg 100w\" sizes=\"(max-width: 330px) 100vw, 330px\" \/><\/a>\n\t\t\t<\/dt><\/dl><dl class='gallery-item'>\n\t\t\t<dt class='gallery-icon landscape'>\n\t\t\t\t<span class=\"fresco\" data-fresco-group=\"\" href='https:\/\/www.vpace.de\/blog\/wp-content\/uploads\/2016\/12\/vpace_c1rd_autera_kunstprojekt-23.jpg'><img width=\"330\" height=\"330\" src=\"https:\/\/www.vpace.de\/blog\/wp-content\/uploads\/2016\/12\/vpace_c1rd_autera_kunstprojekt-23-330x330.jpg\" class=\"attachment-thumbnail size-thumbnail\" alt=\"\" loading=\"lazy\" srcset=\"https:\/\/www.vpace.de\/blog\/wp-content\/uploads\/2016\/12\/vpace_c1rd_autera_kunstprojekt-23-330x330.jpg 330w, https:\/\/www.vpace.de\/blog\/wp-content\/uploads\/2016\/12\/vpace_c1rd_autera_kunstprojekt-23-100x100.jpg 100w\" sizes=\"(max-width: 330px) 100vw, 330px\" \/><\/a>\n\t\t\t<\/dt><\/dl><dl class='gallery-item'>\n\t\t\t<dt class='gallery-icon landscape'>\n\t\t\t\t<span class=\"fresco\" data-fresco-group=\"\" href='https:\/\/www.vpace.de\/blog\/wp-content\/uploads\/2016\/12\/vpace_c1rd_autera_kunstprojekt-27.jpg'><img width=\"330\" height=\"330\" src=\"https:\/\/www.vpace.de\/blog\/wp-content\/uploads\/2016\/12\/vpace_c1rd_autera_kunstprojekt-27-330x330.jpg\" class=\"attachment-thumbnail size-thumbnail\" alt=\"\" loading=\"lazy\" srcset=\"https:\/\/www.vpace.de\/blog\/wp-content\/uploads\/2016\/12\/vpace_c1rd_autera_kunstprojekt-27-330x330.jpg 330w, https:\/\/www.vpace.de\/blog\/wp-content\/uploads\/2016\/12\/vpace_c1rd_autera_kunstprojekt-27-100x100.jpg 100w\" sizes=\"(max-width: 330px) 100vw, 330px\" \/><\/a>\n\t\t\t<\/dt><\/dl><br style=\"clear: both\" \/>\n\t\t<\/div>\n\n","protected":false},"excerpt":{"rendered":"<p>Wer VPACE schon etwas l\u00e4nger kennt, dem d\u00fcrfte unser Road Madness Disc-Rennrad, unser letztes Kunstprojekt, noch in Erinnerung sein. Auf der Berliner Fahrradschau sorgten wir 2014 mit einem individuellen Aufbau und einer noch individuelleren Lackierung f\u00fcr gro\u00dfes Aufsehen. Als wir vergangenes Jahr den jungen Schweizer K\u00fcnstler Tiziano Autera als begeisterten und radverr\u00fcckten Kunden eines T1RD [&hellip;]<\/p>\n","protected":false},"author":1,"featured_media":8710,"comment_status":"open","ping_status":"closed","sticky":false,"template":"","format":"standard","meta":[],"categories":[29,5],"tags":[75,64,53,52,45],"yoast_head":"<!-- This site is optimized with the Yoast SEO plugin v19.3 - https:\/\/yoast.com\/wordpress\/plugins\/seo\/ -->\n<title>C1RD Autera - Disc-Rennrad Kunstprojekt - VPACE Bikes<\/title>\n<meta name=\"description\" content=\"C1RD Autero - ein weiteres Disc-Rennrad Kunstprojekt in Kooperation mit dem jungen schweizer K\u00fcnstler Tiziano Autera\" \/>\n<meta name=\"robots\" content=\"index, follow, max-snippet:-1, max-image-preview:large, max-video-preview:-1\" \/>\n<link rel=\"canonical\" href=\"https:\/\/www.vpace.de\/blog\/c1rd-autera-disc-rennrad-kunstprojekt\/\" \/>\n<meta name=\"twitter:label1\" content=\"Verfasst von\" \/>\n\t<meta name=\"twitter:data1\" content=\"VPACE Bikes\" \/>\n\t<meta name=\"twitter:label2\" content=\"Gesch\u00e4tzte Lesezeit\" \/>\n\t<meta name=\"twitter:data2\" content=\"1\u00a0Minute\" \/>\n<script type=\"application\/ld+json\" class=\"yoast-schema-graph\">{\"@context\":\"https:\/\/schema.org\",\"@graph\":[{\"@type\":\"Organization\",\"@id\":\"https:\/\/www.vpace.de\/blog\/#organization\",\"name\":\"VPACE Bikes\",\"url\":\"https:\/\/www.vpace.de\/blog\/\",\"sameAs\":[\"https:\/\/instagram.com\/vpacebikes\/\",\"https:\/\/www.linkedin.com\/company\/9260374\",\"https:\/\/www.pinterest.com\/vpacebikes\/\",\"http:\/\/www.facebook.com\/vpacebikes\",\"https:\/\/twitter.com\/vpacebikes\"],\"logo\":{\"@type\":\"ImageObject\",\"inLanguage\":\"de\",\"@id\":\"https:\/\/www.vpace.de\/blog\/#\/schema\/logo\/image\/\",\"url\":\"https:\/\/www.vpace.de\/blog\/wp-content\/uploads\/2013\/11\/VPACE-Logo-redV.png\",\"contentUrl\":\"https:\/\/www.vpace.de\/blog\/wp-content\/uploads\/2013\/11\/VPACE-Logo-redV.png\",\"width\":1959,\"height\":336,\"caption\":\"VPACE Bikes\"},\"image\":{\"@id\":\"https:\/\/www.vpace.de\/blog\/#\/schema\/logo\/image\/\"}},{\"@type\":\"WebSite\",\"@id\":\"https:\/\/www.vpace.de\/blog\/#website\",\"url\":\"https:\/\/www.vpace.de\/blog\/\",\"name\":\"VPACE Bikes\",\"description\":\"Ride Unique!\",\"publisher\":{\"@id\":\"https:\/\/www.vpace.de\/blog\/#organization\"},\"potentialAction\":[{\"@type\":\"SearchAction\",\"target\":{\"@type\":\"EntryPoint\",\"urlTemplate\":\"https:\/\/www.vpace.de\/blog\/?s={search_term_string}\"},\"query-input\":\"required name=search_term_string\"}],\"inLanguage\":\"de\"},{\"@type\":\"ImageObject\",\"inLanguage\":\"de\",\"@id\":\"https:\/\/www.vpace.de\/blog\/c1rd-autera-disc-rennrad-kunstprojekt\/#primaryimage\",\"url\":\"https:\/\/www.vpace.de\/blog\/wp-content\/uploads\/2016\/12\/vpace_c1rd_autera_kunstprojekt-18.jpg\",\"contentUrl\":\"https:\/\/www.vpace.de\/blog\/wp-content\/uploads\/2016\/12\/vpace_c1rd_autera_kunstprojekt-18.jpg\",\"width\":1800,\"height\":1200},{\"@type\":\"WebPage\",\"@id\":\"https:\/\/www.vpace.de\/blog\/c1rd-autera-disc-rennrad-kunstprojekt\/\",\"url\":\"https:\/\/www.vpace.de\/blog\/c1rd-autera-disc-rennrad-kunstprojekt\/\",\"name\":\"C1RD Autera - Disc-Rennrad Kunstprojekt - VPACE Bikes\",\"isPartOf\":{\"@id\":\"https:\/\/www.vpace.de\/blog\/#website\"},\"primaryImageOfPage\":{\"@id\":\"https:\/\/www.vpace.de\/blog\/c1rd-autera-disc-rennrad-kunstprojekt\/#primaryimage\"},\"datePublished\":\"2016-12-20T19:57:27+00:00\",\"dateModified\":\"2016-12-20T20:04:32+00:00\",\"description\":\"C1RD Autero - ein weiteres Disc-Rennrad Kunstprojekt in Kooperation mit dem jungen schweizer K\u00fcnstler Tiziano Autera\",\"breadcrumb\":{\"@id\":\"https:\/\/www.vpace.de\/blog\/c1rd-autera-disc-rennrad-kunstprojekt\/#breadcrumb\"},\"inLanguage\":\"de\",\"potentialAction\":[{\"@type\":\"ReadAction\",\"target\":[\"https:\/\/www.vpace.de\/blog\/c1rd-autera-disc-rennrad-kunstprojekt\/\"]}]},{\"@type\":\"BreadcrumbList\",\"@id\":\"https:\/\/www.vpace.de\/blog\/c1rd-autera-disc-rennrad-kunstprojekt\/#breadcrumb\",\"itemListElement\":[{\"@type\":\"ListItem\",\"position\":1,\"name\":\"Home\",\"item\":\"https:\/\/www.vpace.de\/blog\/\"},{\"@type\":\"ListItem\",\"position\":2,\"name\":\"C1RD Autera &#8211; Disc-Rennrad Kunstprojekt\"}]},{\"@type\":\"Article\",\"@id\":\"https:\/\/www.vpace.de\/blog\/c1rd-autera-disc-rennrad-kunstprojekt\/#article\",\"isPartOf\":{\"@id\":\"https:\/\/www.vpace.de\/blog\/c1rd-autera-disc-rennrad-kunstprojekt\/\"},\"author\":{\"name\":\"VPACE Bikes\",\"@id\":\"https:\/\/www.vpace.de\/blog\/#\/schema\/person\/ec2afbc78c7d034cb2931701aa49d836\"},\"headline\":\"C1RD Autera &#8211; Disc-Rennrad Kunstprojekt\",\"datePublished\":\"2016-12-20T19:57:27+00:00\",\"dateModified\":\"2016-12-20T20:04:32+00:00\",\"mainEntityOfPage\":{\"@id\":\"https:\/\/www.vpace.de\/blog\/c1rd-autera-disc-rennrad-kunstprojekt\/\"},\"wordCount\":284,\"commentCount\":4,\"publisher\":{\"@id\":\"https:\/\/www.vpace.de\/blog\/#organization\"},\"image\":{\"@id\":\"https:\/\/www.vpace.de\/blog\/c1rd-autera-disc-rennrad-kunstprojekt\/#primaryimage\"},\"thumbnailUrl\":\"https:\/\/www.vpace.de\/blog\/wp-content\/uploads\/2016\/12\/vpace_c1rd_autera_kunstprojekt-18.jpg\",\"keywords\":[\"C1RD\",\"Carbonrahmen\",\"Discracer\",\"Rennrad\",\"Sonderanfertigungen\"],\"articleSection\":[\"Custom Bikes\",\"News\"],\"inLanguage\":\"de\",\"potentialAction\":[{\"@type\":\"CommentAction\",\"name\":\"Comment\",\"target\":[\"https:\/\/www.vpace.de\/blog\/c1rd-autera-disc-rennrad-kunstprojekt\/#respond\"]}]},{\"@type\":\"Person\",\"@id\":\"https:\/\/www.vpace.de\/blog\/#\/schema\/person\/ec2afbc78c7d034cb2931701aa49d836\",\"name\":\"VPACE Bikes\",\"image\":{\"@type\":\"ImageObject\",\"inLanguage\":\"de\",\"@id\":\"https:\/\/www.vpace.de\/blog\/#\/schema\/person\/image\/\",\"url\":\"https:\/\/secure.gravatar.com\/avatar\/4f150971d5b2a5d924f8c06cc4a3a283?s=96&d=mm&r=pg\",\"contentUrl\":\"https:\/\/secure.gravatar.com\/avatar\/4f150971d5b2a5d924f8c06cc4a3a283?s=96&d=mm&r=pg\",\"caption\":\"VPACE Bikes\"},\"sameAs\":[\"https:\/\/www.vpace.de\",\"https:\/\/twitter.com\/gilbert\"]}]}<\/script>\n<!-- \/ Yoast SEO plugin. -->","yoast_head_json":{"title":"C1RD Autera - Disc-Rennrad Kunstprojekt - VPACE Bikes","description":"C1RD Autero - ein weiteres Disc-Rennrad Kunstprojekt in Kooperation mit dem jungen schweizer K\u00fcnstler Tiziano Autera","robots":{"index":"index","follow":"follow","max-snippet":"max-snippet:-1","max-image-preview":"max-image-preview:large","max-video-preview":"max-video-preview:-1"},"canonical":"https:\/\/www.vpace.de\/blog\/c1rd-autera-disc-rennrad-kunstprojekt\/","twitter_misc":{"Verfasst von":"VPACE Bikes","Gesch\u00e4tzte Lesezeit":"1\u00a0Minute"},"schema":{"@context":"https:\/\/schema.org","@graph":[{"@type":"Organization","@id":"https:\/\/www.vpace.de\/blog\/#organization","name":"VPACE Bikes","url":"https:\/\/www.vpace.de\/blog\/","sameAs":["https:\/\/instagram.com\/vpacebikes\/","https:\/\/www.linkedin.com\/company\/9260374","https:\/\/www.pinterest.com\/vpacebikes\/","http:\/\/www.facebook.com\/vpacebikes","https:\/\/twitter.com\/vpacebikes"],"logo":{"@type":"ImageObject","inLanguage":"de","@id":"https:\/\/www.vpace.de\/blog\/#\/schema\/logo\/image\/","url":"https:\/\/www.vpace.de\/blog\/wp-content\/uploads\/2013\/11\/VPACE-Logo-redV.png","contentUrl":"https:\/\/www.vpace.de\/blog\/wp-content\/uploads\/2013\/11\/VPACE-Logo-redV.png","width":1959,"height":336,"caption":"VPACE Bikes"},"image":{"@id":"https:\/\/www.vpace.de\/blog\/#\/schema\/logo\/image\/"}},{"@type":"WebSite","@id":"https:\/\/www.vpace.de\/blog\/#website","url":"https:\/\/www.vpace.de\/blog\/","name":"VPACE Bikes","description":"Ride Unique!","publisher":{"@id":"https:\/\/www.vpace.de\/blog\/#organization"},"potentialAction":[{"@type":"SearchAction","target":{"@type":"EntryPoint","urlTemplate":"https:\/\/www.vpace.de\/blog\/?s={search_term_string}"},"query-input":"required name=search_term_string"}],"inLanguage":"de"},{"@type":"ImageObject","inLanguage":"de","@id":"https:\/\/www.vpace.de\/blog\/c1rd-autera-disc-rennrad-kunstprojekt\/#primaryimage","url":"https:\/\/www.vpace.de\/blog\/wp-content\/uploads\/2016\/12\/vpace_c1rd_autera_kunstprojekt-18.jpg","contentUrl":"https:\/\/www.vpace.de\/blog\/wp-content\/uploads\/2016\/12\/vpace_c1rd_autera_kunstprojekt-18.jpg","width":1800,"height":1200},{"@type":"WebPage","@id":"https:\/\/www.vpace.de\/blog\/c1rd-autera-disc-rennrad-kunstprojekt\/","url":"https:\/\/www.vpace.de\/blog\/c1rd-autera-disc-rennrad-kunstprojekt\/","name":"C1RD Autera - Disc-Rennrad Kunstprojekt - VPACE Bikes","isPartOf":{"@id":"https:\/\/www.vpace.de\/blog\/#website"},"primaryImageOfPage":{"@id":"https:\/\/www.vpace.de\/blog\/c1rd-autera-disc-rennrad-kunstprojekt\/#primaryimage"},"datePublished":"2016-12-20T19:57:27+00:00","dateModified":"2016-12-20T20:04:32+00:00","description":"C1RD Autero - ein weiteres Disc-Rennrad Kunstprojekt in Kooperation mit dem jungen schweizer K\u00fcnstler Tiziano Autera","breadcrumb":{"@id":"https:\/\/www.vpace.de\/blog\/c1rd-autera-disc-rennrad-kunstprojekt\/#breadcrumb"},"inLanguage":"de","potentialAction":[{"@type":"ReadAction","target":["https:\/\/www.vpace.de\/blog\/c1rd-autera-disc-rennrad-kunstprojekt\/"]}]},{"@type":"BreadcrumbList","@id":"https:\/\/www.vpace.de\/blog\/c1rd-autera-disc-rennrad-kunstprojekt\/#breadcrumb","itemListElement":[{"@type":"ListItem","position":1,"name":"Home","item":"https:\/\/www.vpace.de\/blog\/"},{"@type":"ListItem","position":2,"name":"C1RD Autera &#8211; Disc-Rennrad Kunstprojekt"}]},{"@type":"Article","@id":"https:\/\/www.vpace.de\/blog\/c1rd-autera-disc-rennrad-kunstprojekt\/#article","isPartOf":{"@id":"https:\/\/www.vpace.de\/blog\/c1rd-autera-disc-rennrad-kunstprojekt\/"},"author":{"name":"VPACE Bikes","@id":"https:\/\/www.vpace.de\/blog\/#\/schema\/person\/ec2afbc78c7d034cb2931701aa49d836"},"headline":"C1RD Autera &#8211; Disc-Rennrad Kunstprojekt","datePublished":"2016-12-20T19:57:27+00:00","dateModified":"2016-12-20T20:04:32+00:00","mainEntityOfPage":{"@id":"https:\/\/www.vpace.de\/blog\/c1rd-autera-disc-rennrad-kunstprojekt\/"},"wordCount":284,"commentCount":4,"publisher":{"@id":"https:\/\/www.vpace.de\/blog\/#organization"},"image":{"@id":"https:\/\/www.vpace.de\/blog\/c1rd-autera-disc-rennrad-kunstprojekt\/#primaryimage"},"thumbnailUrl":"https:\/\/www.vpace.de\/blog\/wp-content\/uploads\/2016\/12\/vpace_c1rd_autera_kunstprojekt-18.jpg","keywords":["C1RD","Carbonrahmen","Discracer","Rennrad","Sonderanfertigungen"],"articleSection":["Custom Bikes","News"],"inLanguage":"de","potentialAction":[{"@type":"CommentAction","name":"Comment","target":["https:\/\/www.vpace.de\/blog\/c1rd-autera-disc-rennrad-kunstprojekt\/#respond"]}]},{"@type":"Person","@id":"https:\/\/www.vpace.de\/blog\/#\/schema\/person\/ec2afbc78c7d034cb2931701aa49d836","name":"VPACE Bikes","image":{"@type":"ImageObject","inLanguage":"de","@id":"https:\/\/www.vpace.de\/blog\/#\/schema\/person\/image\/","url":"https:\/\/secure.gravatar.com\/avatar\/4f150971d5b2a5d924f8c06cc4a3a283?s=96&d=mm&r=pg","contentUrl":"https:\/\/secure.gravatar.com\/avatar\/4f150971d5b2a5d924f8c06cc4a3a283?s=96&d=mm&r=pg","caption":"VPACE Bikes"},"sameAs":["https:\/\/www.vpace.de","https:\/\/twitter.com\/gilbert"]}]}},"_links":{"self":[{"href":"https:\/\/www.vpace.de\/blog\/wp-json\/wp\/v2\/posts\/8697"}],"collection":[{"href":"https:\/\/www.vpace.de\/blog\/wp-json\/wp\/v2\/posts"}],"about":[{"href":"https:\/\/www.vpace.de\/blog\/wp-json\/wp\/v2\/types\/post"}],"author":[{"embeddable":true,"href":"https:\/\/www.vpace.de\/blog\/wp-json\/wp\/v2\/users\/1"}],"replies":[{"embeddable":true,"href":"https:\/\/www.vpace.de\/blog\/wp-json\/wp\/v2\/comments?post=8697"}],"version-history":[{"count":6,"href":"https:\/\/www.vpace.de\/blog\/wp-json\/wp\/v2\/posts\/8697\/revisions"}],"predecessor-version":[{"id":8739,"href":"https:\/\/www.vpace.de\/blog\/wp-json\/wp\/v2\/posts\/8697\/revisions\/8739"}],"wp:featuredmedia":[{"embeddable":true,"href":"https:\/\/www.vpace.de\/blog\/wp-json\/wp\/v2\/media\/8710"}],"wp:attachment":[{"href":"https:\/\/www.vpace.de\/blog\/wp-json\/wp\/v2\/media?parent=8697"}],"wp:term":[{"taxonomy":"category","embeddable":true,"href":"https:\/\/www.vpace.de\/blog\/wp-json\/wp\/v2\/categories?post=8697"},{"taxonomy":"post_tag","embeddable":true,"href":"https:\/\/www.vpace.de\/blog\/wp-json\/wp\/v2\/tags?post=8697"}],"curies":[{"name":"wp","href":"https:\/\/api.w.org\/{rel}","templated":true}]}}